{"id":2823,"date":"2022-05-10T10:17:55","date_gmt":"2022-05-10T08:17:55","guid":{"rendered":"https:\/\/galeriepiatti.com\/2022\/05\/10\/the-5-days-of-the-extraordinary-object\/"},"modified":"2022-06-20T13:25:20","modified_gmt":"2022-06-20T11:25:20","slug":"the-5-days-of-the-extraordinary-object","status":"publish","type":"post","link":"https:\/\/galeriepiatti.com\/en\/2022\/05\/10\/the-5-days-of-the-extraordinary-object\/","title":{"rendered":"The 5 days of the Extraordinary Object"},"content":{"rendered":"\n<p><\/p>\n\n<p>From June 8 to 12, 2022, the 45th edition celebrates its Golden Jubilee this year.<br \/>The event, awaited by art lovers, will be held in this historical place of the capital, a favorite playground where, as we know, lived or worked illustrious personalities of the world of arts and culture &#8211; Juliette Recamier, Charles Baudelaire, Amedeo Modigliani, Alexandre Dumas, Jean-Auguste Ingres, Max Ernst, Jacques Lacan or, closer to us Serge Gainsbourg. These emblematic characters have contributed to give a particular aura to this district of the left bank, which has seduced and still seduces generations of merchants who have succeeded.<br \/>Gathered between the rue du Bac, rue de Beaune, rue de Lille, rue Montalembert, rue des Saints-P\u00e8res, rue de l&#8217;Universit\u00e9, rue de Verneuil and quai Voltaire &#8211; between the Louvre Museum and the Mus\u00e9e d&#8217;Orsay-Giscard d&#8217;Estaing -, these artists, grouped together within the association created in 1977, will be eager, as they are every year in June, to share their latest nuggets, and to prepare a program rich in surprises for the visitors.<br \/>Some 78 galleries &#8211; loyal to the event or newcomers &#8211; participate in the event. Various specialties will be represented during this German-Pratine tour. Each gallery will unveil an artist, a work or an object selected for its extraordinary character. Whether they are collectors or not, visitors will be able, thanks to this eclectic tour, to find THE rare piece: ceramics, jewelry, clocks, silverware, antiques, old paintings, marine objects, decorative arts, Chinese art, furniture from the Haute \u00c9poque or the 18th century, modern or contemporary creations&#8230; A journey to the heart of Paris through 7000 years of history and rare objects.<\/p>\n","protected":false},"excerpt":{"rendered":"<p>From June 8 to 12, 2022, the 45th edition celebrates its Golden Jubilee this year.The event, awaited by art lovers, will be held in this historical place of the capital, a favorite playground where, as we know, lived or worked illustrious personalities of the world of arts and culture &#8211; Juliette Recamier, Charles Baudelaire, Amedeo [&hellip;]<\/p>\n","protected":false},"author":2,"featured_media":2819,"comment_status":"closed","ping_status":"open","sticky":false,"template":"","format":"standard","meta":{"footnotes":""},"a-la-une-1":[],"class_list":["post-2823","post","type-post","status-publish","format-standard","has-post-thumbnail","hentry"],"yoast_head":"<!-- This site is optimized with the Yoast SEO plugin v27.4 - https:\/\/yoast.com\/product\/yoast-seo-wordpress\/ -->\n<title>The 5 days of the Extraordinary Object &#8212; Galerie Alexandre Piatti<\/title>\n<meta name=\"robots\" content=\"index, follow, max-snippet:-1, max-image-preview:large, max-video-preview:-1\" \/>\n<link rel=\"canonical\" href=\"https:\/\/galeriepiatti.com\/en\/2022\/05\/10\/the-5-days-of-the-extraordinary-object\/\" \/>\n<meta property=\"og:locale\" content=\"en_US\" \/>\n<meta property=\"og:type\" content=\"article\" \/>\n<meta property=\"og:title\" content=\"The 5 days of the Extraordinary Object &#8212; Galerie Alexandre Piatti\" \/>\n<meta property=\"og:description\" content=\"From June 8 to 12, 2022, the 45th edition celebrates its Golden Jubilee this year.The event, awaited by art lovers, will be held in this historical place of the capital, a favorite playground where, as we know, lived or worked illustrious personalities of the world of arts and culture &#8211; Juliette Recamier, Charles Baudelaire, Amedeo [&hellip;]\" \/>\n<meta property=\"og:url\" content=\"https:\/\/galeriepiatti.com\/en\/2022\/05\/10\/the-5-days-of-the-extraordinary-object\/\" \/>\n<meta property=\"og:site_name\" content=\"Galerie Alexandre Piatti\" \/>\n<meta property=\"article:published_time\" content=\"2022-05-10T08:17:55+00:00\" \/>\n<meta property=\"article:modified_time\" content=\"2022-06-20T11:25:20+00:00\" \/>\n<meta property=\"og:image\" content=\"https:\/\/galeriepiatti.com\/wp-content\/uploads\/2022\/05\/Invitation.carre_.5jours.2022-e1652170412568.jpg\" \/>\n\t<meta property=\"og:image:width\" content=\"1944\" \/>\n\t<meta property=\"og:image:height\" content=\"1944\" \/>\n\t<meta property=\"og:image:type\" content=\"image\/jpeg\" \/>\n<meta name=\"author\" content=\"Alexandre Piatti\" \/>\n<meta name=\"twitter:card\" content=\"summary_large_image\" \/>\n<meta name=\"twitter:label1\" content=\"Written by\" \/>\n\t<meta name=\"twitter:data1\" content=\"Alexandre Piatti\" \/>\n\t<meta name=\"twitter:label2\" content=\"Est. reading time\" \/>\n\t<meta name=\"twitter:data2\" content=\"1 minute\" \/>\n<script type=\"application\/ld+json\" class=\"yoast-schema-graph\">{\"@context\":\"https:\\\/\\\/schema.org\",\"@graph\":[{\"@type\":\"Article\",\"@id\":\"https:\\\/\\\/galeriepiatti.com\\\/en\\\/2022\\\/05\\\/10\\\/the-5-days-of-the-extraordinary-object\\\/#article\",\"isPartOf\":{\"@id\":\"https:\\\/\\\/galeriepiatti.com\\\/en\\\/2022\\\/05\\\/10\\\/the-5-days-of-the-extraordinary-object\\\/\"},\"author\":{\"name\":\"Alexandre Piatti\",\"@id\":\"https:\\\/\\\/galeriepiatti.com\\\/en\\\/#\\\/schema\\\/person\\\/139570d7ddb225710f61bfbbfd64bfea\"},\"headline\":\"The 5 days of the Extraordinary Object\",\"datePublished\":\"2022-05-10T08:17:55+00:00\",\"dateModified\":\"2022-06-20T11:25:20+00:00\",\"mainEntityOfPage\":{\"@id\":\"https:\\\/\\\/galeriepiatti.com\\\/en\\\/2022\\\/05\\\/10\\\/the-5-days-of-the-extraordinary-object\\\/\"},\"wordCount\":279,\"publisher\":{\"@id\":\"https:\\\/\\\/galeriepiatti.com\\\/en\\\/#organization\"},\"image\":{\"@id\":\"https:\\\/\\\/galeriepiatti.com\\\/en\\\/2022\\\/05\\\/10\\\/the-5-days-of-the-extraordinary-object\\\/#primaryimage\"},\"thumbnailUrl\":\"https:\\\/\\\/galeriepiatti.com\\\/wp-content\\\/uploads\\\/2022\\\/05\\\/Invitation.carre_.5jours.2022-e1652170412568.jpg\",\"inLanguage\":\"en-US\"},{\"@type\":\"WebPage\",\"@id\":\"https:\\\/\\\/galeriepiatti.com\\\/en\\\/2022\\\/05\\\/10\\\/the-5-days-of-the-extraordinary-object\\\/\",\"url\":\"https:\\\/\\\/galeriepiatti.com\\\/en\\\/2022\\\/05\\\/10\\\/the-5-days-of-the-extraordinary-object\\\/\",\"name\":\"The 5 days of the Extraordinary Object &#8212; Galerie Alexandre Piatti\",\"isPartOf\":{\"@id\":\"https:\\\/\\\/galeriepiatti.com\\\/en\\\/#website\"},\"primaryImageOfPage\":{\"@id\":\"https:\\\/\\\/galeriepiatti.com\\\/en\\\/2022\\\/05\\\/10\\\/the-5-days-of-the-extraordinary-object\\\/#primaryimage\"},\"image\":{\"@id\":\"https:\\\/\\\/galeriepiatti.com\\\/en\\\/2022\\\/05\\\/10\\\/the-5-days-of-the-extraordinary-object\\\/#primaryimage\"},\"thumbnailUrl\":\"https:\\\/\\\/galeriepiatti.com\\\/wp-content\\\/uploads\\\/2022\\\/05\\\/Invitation.carre_.5jours.2022-e1652170412568.jpg\",\"datePublished\":\"2022-05-10T08:17:55+00:00\",\"dateModified\":\"2022-06-20T11:25:20+00:00\",\"breadcrumb\":{\"@id\":\"https:\\\/\\\/galeriepiatti.com\\\/en\\\/2022\\\/05\\\/10\\\/the-5-days-of-the-extraordinary-object\\\/#breadcrumb\"},\"inLanguage\":\"en-US\",\"potentialAction\":[{\"@type\":\"ReadAction\",\"target\":[\"https:\\\/\\\/galeriepiatti.com\\\/en\\\/2022\\\/05\\\/10\\\/the-5-days-of-the-extraordinary-object\\\/\"]}]},{\"@type\":\"ImageObject\",\"inLanguage\":\"en-US\",\"@id\":\"https:\\\/\\\/galeriepiatti.com\\\/en\\\/2022\\\/05\\\/10\\\/the-5-days-of-the-extraordinary-object\\\/#primaryimage\",\"url\":\"https:\\\/\\\/galeriepiatti.com\\\/wp-content\\\/uploads\\\/2022\\\/05\\\/Invitation.carre_.5jours.2022-e1652170412568.jpg\",\"contentUrl\":\"https:\\\/\\\/galeriepiatti.com\\\/wp-content\\\/uploads\\\/2022\\\/05\\\/Invitation.carre_.5jours.2022-e1652170412568.jpg\",\"width\":1944,\"height\":1944},{\"@type\":\"BreadcrumbList\",\"@id\":\"https:\\\/\\\/galeriepiatti.com\\\/en\\\/2022\\\/05\\\/10\\\/the-5-days-of-the-extraordinary-object\\\/#breadcrumb\",\"itemListElement\":[{\"@type\":\"ListItem\",\"position\":1,\"name\":\"Accueil\",\"item\":\"https:\\\/\\\/galeriepiatti.com\\\/en\\\/accueil\\\/\"},{\"@type\":\"ListItem\",\"position\":2,\"name\":\"The 5 days of the Extraordinary Object\"}]},{\"@type\":\"WebSite\",\"@id\":\"https:\\\/\\\/galeriepiatti.com\\\/en\\\/#website\",\"url\":\"https:\\\/\\\/galeriepiatti.com\\\/en\\\/\",\"name\":\"Galerie Alexandre Piatti\",\"description\":\"Antiquaire Haute \u00c9poque\",\"publisher\":{\"@id\":\"https:\\\/\\\/galeriepiatti.com\\\/en\\\/#organization\"},\"potentialAction\":[{\"@type\":\"SearchAction\",\"target\":{\"@type\":\"EntryPoint\",\"urlTemplate\":\"https:\\\/\\\/galeriepiatti.com\\\/en\\\/?s={search_term_string}\"},\"query-input\":{\"@type\":\"PropertyValueSpecification\",\"valueRequired\":true,\"valueName\":\"search_term_string\"}}],\"inLanguage\":\"en-US\"},{\"@type\":\"Organization\",\"@id\":\"https:\\\/\\\/galeriepiatti.com\\\/en\\\/#organization\",\"name\":\"Galerie Alexandre Piatti\",\"url\":\"https:\\\/\\\/galeriepiatti.com\\\/en\\\/\",\"logo\":{\"@type\":\"ImageObject\",\"inLanguage\":\"en-US\",\"@id\":\"https:\\\/\\\/galeriepiatti.com\\\/en\\\/#\\\/schema\\\/logo\\\/image\\\/\",\"url\":\"\",\"contentUrl\":\"\",\"caption\":\"Galerie Alexandre Piatti\"},\"image\":{\"@id\":\"https:\\\/\\\/galeriepiatti.com\\\/en\\\/#\\\/schema\\\/logo\\\/image\\\/\"}},{\"@type\":\"Person\",\"@id\":\"https:\\\/\\\/galeriepiatti.com\\\/en\\\/#\\\/schema\\\/person\\\/139570d7ddb225710f61bfbbfd64bfea\",\"name\":\"Alexandre Piatti\",\"image\":{\"@type\":\"ImageObject\",\"inLanguage\":\"en-US\",\"@id\":\"https:\\\/\\\/secure.gravatar.com\\\/avatar\\\/9e4068a8ba4fe84cabc63b6a03e1ca0cdcd13f9a0d08b3b550faeef8b55eeaf2?s=96&d=mm&r=g\",\"url\":\"https:\\\/\\\/secure.gravatar.com\\\/avatar\\\/9e4068a8ba4fe84cabc63b6a03e1ca0cdcd13f9a0d08b3b550faeef8b55eeaf2?s=96&d=mm&r=g\",\"contentUrl\":\"https:\\\/\\\/secure.gravatar.com\\\/avatar\\\/9e4068a8ba4fe84cabc63b6a03e1ca0cdcd13f9a0d08b3b550faeef8b55eeaf2?s=96&d=mm&r=g\",\"caption\":\"Alexandre Piatti\"},\"sameAs\":[\"Piatti\"],\"url\":\"https:\\\/\\\/galeriepiatti.com\\\/en\\\/author\\\/piatti\\\/\"}]}<\/script>\n<!-- \/ Yoast SEO plugin. -->","yoast_head_json":{"title":"The 5 days of the Extraordinary Object &#8212; Galerie Alexandre Piatti","robots":{"index":"index","follow":"follow","max-snippet":"max-snippet:-1","max-image-preview":"max-image-preview:large","max-video-preview":"max-video-preview:-1"},"canonical":"https:\/\/galeriepiatti.com\/en\/2022\/05\/10\/the-5-days-of-the-extraordinary-object\/","og_locale":"en_US","og_type":"article","og_title":"The 5 days of the Extraordinary Object &#8212; Galerie Alexandre Piatti","og_description":"From June 8 to 12, 2022, the 45th edition celebrates its Golden Jubilee this year.The event, awaited by art lovers, will be held in this historical place of the capital, a favorite playground where, as we know, lived or worked illustrious personalities of the world of arts and culture &#8211; Juliette Recamier, Charles Baudelaire, Amedeo [&hellip;]","og_url":"https:\/\/galeriepiatti.com\/en\/2022\/05\/10\/the-5-days-of-the-extraordinary-object\/","og_site_name":"Galerie Alexandre Piatti","article_published_time":"2022-05-10T08:17:55+00:00","article_modified_time":"2022-06-20T11:25:20+00:00","og_image":[{"width":1944,"height":1944,"url":"https:\/\/galeriepiatti.com\/wp-content\/uploads\/2022\/05\/Invitation.carre_.5jours.2022-e1652170412568.jpg","type":"image\/jpeg"}],"author":"Alexandre Piatti","twitter_card":"summary_large_image","twitter_misc":{"Written by":"Alexandre Piatti","Est. reading time":"1 minute"},"schema":{"@context":"https:\/\/schema.org","@graph":[{"@type":"Article","@id":"https:\/\/galeriepiatti.com\/en\/2022\/05\/10\/the-5-days-of-the-extraordinary-object\/#article","isPartOf":{"@id":"https:\/\/galeriepiatti.com\/en\/2022\/05\/10\/the-5-days-of-the-extraordinary-object\/"},"author":{"name":"Alexandre Piatti","@id":"https:\/\/galeriepiatti.com\/en\/#\/schema\/person\/139570d7ddb225710f61bfbbfd64bfea"},"headline":"The 5 days of the Extraordinary Object","datePublished":"2022-05-10T08:17:55+00:00","dateModified":"2022-06-20T11:25:20+00:00","mainEntityOfPage":{"@id":"https:\/\/galeriepiatti.com\/en\/2022\/05\/10\/the-5-days-of-the-extraordinary-object\/"},"wordCount":279,"publisher":{"@id":"https:\/\/galeriepiatti.com\/en\/#organization"},"image":{"@id":"https:\/\/galeriepiatti.com\/en\/2022\/05\/10\/the-5-days-of-the-extraordinary-object\/#primaryimage"},"thumbnailUrl":"https:\/\/galeriepiatti.com\/wp-content\/uploads\/2022\/05\/Invitation.carre_.5jours.2022-e1652170412568.jpg","inLanguage":"en-US"},{"@type":"WebPage","@id":"https:\/\/galeriepiatti.com\/en\/2022\/05\/10\/the-5-days-of-the-extraordinary-object\/","url":"https:\/\/galeriepiatti.com\/en\/2022\/05\/10\/the-5-days-of-the-extraordinary-object\/","name":"The 5 days of the Extraordinary Object &#8212; Galerie Alexandre Piatti","isPartOf":{"@id":"https:\/\/galeriepiatti.com\/en\/#website"},"primaryImageOfPage":{"@id":"https:\/\/galeriepiatti.com\/en\/2022\/05\/10\/the-5-days-of-the-extraordinary-object\/#primaryimage"},"image":{"@id":"https:\/\/galeriepiatti.com\/en\/2022\/05\/10\/the-5-days-of-the-extraordinary-object\/#primaryimage"},"thumbnailUrl":"https:\/\/galeriepiatti.com\/wp-content\/uploads\/2022\/05\/Invitation.carre_.5jours.2022-e1652170412568.jpg","datePublished":"2022-05-10T08:17:55+00:00","dateModified":"2022-06-20T11:25:20+00:00","breadcrumb":{"@id":"https:\/\/galeriepiatti.com\/en\/2022\/05\/10\/the-5-days-of-the-extraordinary-object\/#breadcrumb"},"inLanguage":"en-US","potentialAction":[{"@type":"ReadAction","target":["https:\/\/galeriepiatti.com\/en\/2022\/05\/10\/the-5-days-of-the-extraordinary-object\/"]}]},{"@type":"ImageObject","inLanguage":"en-US","@id":"https:\/\/galeriepiatti.com\/en\/2022\/05\/10\/the-5-days-of-the-extraordinary-object\/#primaryimage","url":"https:\/\/galeriepiatti.com\/wp-content\/uploads\/2022\/05\/Invitation.carre_.5jours.2022-e1652170412568.jpg","contentUrl":"https:\/\/galeriepiatti.com\/wp-content\/uploads\/2022\/05\/Invitation.carre_.5jours.2022-e1652170412568.jpg","width":1944,"height":1944},{"@type":"BreadcrumbList","@id":"https:\/\/galeriepiatti.com\/en\/2022\/05\/10\/the-5-days-of-the-extraordinary-object\/#breadcrumb","itemListElement":[{"@type":"ListItem","position":1,"name":"Accueil","item":"https:\/\/galeriepiatti.com\/en\/accueil\/"},{"@type":"ListItem","position":2,"name":"The 5 days of the Extraordinary Object"}]},{"@type":"WebSite","@id":"https:\/\/galeriepiatti.com\/en\/#website","url":"https:\/\/galeriepiatti.com\/en\/","name":"Galerie Alexandre Piatti","description":"Antiquaire Haute \u00c9poque","publisher":{"@id":"https:\/\/galeriepiatti.com\/en\/#organization"},"potentialAction":[{"@type":"SearchAction","target":{"@type":"EntryPoint","urlTemplate":"https:\/\/galeriepiatti.com\/en\/?s={search_term_string}"},"query-input":{"@type":"PropertyValueSpecification","valueRequired":true,"valueName":"search_term_string"}}],"inLanguage":"en-US"},{"@type":"Organization","@id":"https:\/\/galeriepiatti.com\/en\/#organization","name":"Galerie Alexandre Piatti","url":"https:\/\/galeriepiatti.com\/en\/","logo":{"@type":"ImageObject","inLanguage":"en-US","@id":"https:\/\/galeriepiatti.com\/en\/#\/schema\/logo\/image\/","url":"","contentUrl":"","caption":"Galerie Alexandre Piatti"},"image":{"@id":"https:\/\/galeriepiatti.com\/en\/#\/schema\/logo\/image\/"}},{"@type":"Person","@id":"https:\/\/galeriepiatti.com\/en\/#\/schema\/person\/139570d7ddb225710f61bfbbfd64bfea","name":"Alexandre Piatti","image":{"@type":"ImageObject","inLanguage":"en-US","@id":"https:\/\/secure.gravatar.com\/avatar\/9e4068a8ba4fe84cabc63b6a03e1ca0cdcd13f9a0d08b3b550faeef8b55eeaf2?s=96&d=mm&r=g","url":"https:\/\/secure.gravatar.com\/avatar\/9e4068a8ba4fe84cabc63b6a03e1ca0cdcd13f9a0d08b3b550faeef8b55eeaf2?s=96&d=mm&r=g","contentUrl":"https:\/\/secure.gravatar.com\/avatar\/9e4068a8ba4fe84cabc63b6a03e1ca0cdcd13f9a0d08b3b550faeef8b55eeaf2?s=96&d=mm&r=g","caption":"Alexandre Piatti"},"sameAs":["Piatti"],"url":"https:\/\/galeriepiatti.com\/en\/author\/piatti\/"}]}},"_links":{"self":[{"href":"https:\/\/galeriepiatti.com\/en\/wp-json\/wp\/v2\/posts\/2823","targetHints":{"allow":["GET"]}}],"collection":[{"href":"https:\/\/galeriepiatti.com\/en\/wp-json\/wp\/v2\/posts"}],"about":[{"href":"https:\/\/galeriepiatti.com\/en\/wp-json\/wp\/v2\/types\/post"}],"author":[{"embeddable":true,"href":"https:\/\/galeriepiatti.com\/en\/wp-json\/wp\/v2\/users\/2"}],"replies":[{"embeddable":true,"href":"https:\/\/galeriepiatti.com\/en\/wp-json\/wp\/v2\/comments?post=2823"}],"version-history":[{"count":7,"href":"https:\/\/galeriepiatti.com\/en\/wp-json\/wp\/v2\/posts\/2823\/revisions"}],"predecessor-version":[{"id":2833,"href":"https:\/\/galeriepiatti.com\/en\/wp-json\/wp\/v2\/posts\/2823\/revisions\/2833"}],"wp:featuredmedia":[{"embeddable":true,"href":"https:\/\/galeriepiatti.com\/en\/wp-json\/wp\/v2\/media\/2819"}],"wp:attachment":[{"href":"https:\/\/galeriepiatti.com\/en\/wp-json\/wp\/v2\/media?parent=2823"}],"wp:term":[{"taxonomy":"a-la-une-1","embeddable":true,"href":"https:\/\/galeriepiatti.com\/en\/wp-json\/wp\/v2\/a-la-une-1?post=2823"}],"curies":[{"name":"wp","href":"https:\/\/api.w.org\/{rel}","templated":true}]}}